{"id":3887,"date":"2019-11-04T16:47:30","date_gmt":"2019-11-04T16:47:30","guid":{"rendered":"https:\/\/notejido.com\/bolsas-de-malla-reutilizables-la-alternativa-mas-eco-para-frutas-y-verduras-a-granel\/"},"modified":"2019-11-26T12:53:34","modified_gmt":"2019-11-26T12:53:34","slug":"bolsas-de-malla-reutilizables-la-alternativa-mas-eco-para-frutas-y-verduras-a-granel","status":"publish","type":"post","link":"https:\/\/notejido.com\/pt-pt\/bolsas-de-malla-reutilizables-la-alternativa-mas-eco-para-frutas-y-verduras-a-granel\/","title":{"rendered":"Sacos de malha reutiliz\u00e1veis: a alternativa mais \u201ceco\u201d para frutos a granel e vegetais"},"content":{"rendered":"\n<p>Os regulamentos europeussobre recipientes de pl\u00e1stico vendidos na Uni\u00e3o Europeia estabelecem que 65%das embalagens s\u00e3o recicl\u00e1veis em 2025 e que todas as embalagens s\u00e3orecicl\u00e1veis, reutiliz\u00e1veis ou compost\u00e1veis em 2030.<\/p>\n\n\n\n<p>Nesse contexto, a <strong>sustentabilidade<\/strong> tornou-se um <strong>requisito essencial<\/strong> e o desenvolvimentode <strong>sacos e embalagens mais ecol\u00f3gicos<\/strong>\u00e9 atualmente o principal desafio para o mercado de embalagens.<\/p>\n\n\n\n<p>Setores como varejo e grande distribui\u00e7\u00e3o aderiram a essatend\u00eancia adotando medidas que visam reduzir o uso de pl\u00e1stico nos seus pontosde venda. Assim, vimos o desaparecimento gradual de sacos pl\u00e1sticos de uso\u00fanico das linhas da maioria das redes de supermercados.<\/p>\n\n\n\n<p>Al\u00e9m disso, muitossupermercados e grandes lojas deram outro passo na redu\u00e7\u00e3o do uso de pl\u00e1sticosdescart\u00e1veis, introduzindo e incentivando o uso de <strong>sacos de malha reutiliz\u00e1veis nas se\u00e7\u00f5es de frutas e vegetais a granel.<\/strong><\/p>\n\n\n\n<p>A cadeia de supermercados Coviran \u00e9 um exemplo claro disso.Por apenas 1,99 \u20ac, os clientes podem comprar um pacote de 4 sacos reutiliz\u00e1veisde 35x 20 cm. \u00c9 uma <strong>malha respir\u00e1vel<\/strong>,semi-transparente, com fecho de cord\u00e3o, <strong>100%recicl\u00e1vel<\/strong> e com <strong>resist\u00eancia de at\u00e95 Kg<\/strong>. Podem ser lavadas e reutilizadas in\u00fameras vezes.<\/p>\n\n\n\n<div class=\"wp-block-image\"><figure class=\"aligncenter\"><img decoding=\"async\" width=\"1110\" height=\"751\" src=\"https:\/\/notejido.com\/wp-content\/uploads\/2019\/11\/bolsa-kraft-1-1110x751.jpg\" alt=\"\" class=\"wp-image-924\" srcset=\"https:\/\/notejido.com\/wp-content\/uploads\/2019\/11\/bolsa-kraft-1-1110x751.jpg 1110w, https:\/\/notejido.com\/wp-content\/uploads\/2019\/11\/bolsa-kraft-1-443x300.jpg 443w, https:\/\/notejido.com\/wp-content\/uploads\/2019\/11\/bolsa-kraft-1-768x520.jpg 768w, https:\/\/notejido.com\/wp-content\/uploads\/2019\/11\/bolsa-kraft-1.jpg 1320w\" sizes=\"(max-width: 1110px) 100vw, 1110px\" \/><figcaption>Embora menos difundidos, os <strong>sacos de papel kraft sem al\u00e7as<\/strong> s\u00e3o outro formato ecol\u00f3gico quealgumas cadeias adotaram para as suas se\u00e7\u00f5es de frutas e vegetais. \u00c9 o caso dossupermercados El Corte Ingl\u00e9s, Hipercor e Supercor.<\/figcaption><\/figure><\/div>\n\n\n\n<p>Sacos de papel, PET reciclado, n\u00e3o tecido com <strong>50-70% de material reciclado<\/strong>, qualquerque seja o material ou formato que escolher, lembre-se de que o consumidorexige solu\u00e7\u00f5es \u00fateis e reutiliz\u00e1veis para embalagens que minimizem o impactoambiental.<\/p>\n\n\n\n<p>Todas os sacos fabricados pela Dise\u00f1os NT s\u00e3ocertificadas com algum selo ambiental, como o <strong>PEFC de manejo florestal sustent\u00e1vel<\/strong>, que garante que o papel com oqual os sacos s\u00e3o fabricados tenha sido obtido de florestas manejadas de formarespons\u00e1vel, evitando assim o corte ilegal. Al\u00e9m disso, os nossos sacos de telan\u00e3o tecida t\u00eam o certificado <strong>DNTRecycled Bond,<\/strong> que implica que foram fabricadas com <strong>50-70% de material reciclado<\/strong>.<\/p>\n\n\n\n<p>N\u00e3o deixe para a \u00faltimo hora, tome medidas e antecipa-teao cumprimento da legisla\u00e7\u00e3o aplic\u00e1vel, incentivando o uso de sacosreutiliz\u00e1veis nos seus neg\u00f3cios.<\/p>\n","protected":false},"excerpt":{"rendered":"<p>Os regulamentos europeussobre recipientes de pl\u00e1stico vendidos na Uni\u00e3o Europeia estabelecem que 65%das embalagens s\u00e3o recicl\u00e1veis em 2025 e que [&hellip;]<\/p>\n","protected":false},"author":2,"featured_media":3889,"comment_status":"closed","ping_status":"closed","sticky":false,"template":"","format":"standard","meta":{"_acf_changed":false,"footnotes":""},"categories":[68],"tags":[],"class_list":["post-3887","post","type-post","status-publish","format-standard","has-post-thumbnail","hentry","category-outras-embalagens-promocionais"],"acf":[],"yoast_head":"<!-- This site is optimized with the Yoast SEO plugin v27.3 - https:\/\/yoast.com\/product\/yoast-seo-wordpress\/ -->\n<title>Sacos de malha reutiliz\u00e1veis: a alternativa mais \u201ceco\u201d para frutos a granel e vegetais - Disenos NT<\/title>\n<meta name=\"robots\" content=\"index, follow, max-snippet:-1, max-image-preview:large, max-video-preview:-1\" \/>\n<link rel=\"canonical\" href=\"https:\/\/notejido.com\/pt-pt\/bolsas-de-malla-reutilizables-la-alternativa-mas-eco-para-frutas-y-verduras-a-granel\/\" \/>\n<meta property=\"og:locale\" content=\"pt_PT\" \/>\n<meta property=\"og:type\" content=\"article\" \/>\n<meta property=\"og:title\" content=\"Sacos de malha reutiliz\u00e1veis: a alternativa mais \u201ceco\u201d para frutos a granel e vegetais - Disenos NT\" \/>\n<meta property=\"og:description\" content=\"Os regulamentos europeussobre recipientes de pl\u00e1stico vendidos na Uni\u00e3o Europeia estabelecem que 65%das embalagens s\u00e3o recicl\u00e1veis em 2025 e que [&hellip;]\" \/>\n<meta property=\"og:url\" content=\"https:\/\/notejido.com\/pt-pt\/bolsas-de-malla-reutilizables-la-alternativa-mas-eco-para-frutas-y-verduras-a-granel\/\" \/>\n<meta property=\"og:site_name\" content=\"Disenos NT\" \/>\n<meta property=\"article:published_time\" content=\"2019-11-04T16:47:30+00:00\" \/>\n<meta property=\"article:modified_time\" content=\"2019-11-26T12:53:34+00:00\" \/>\n<meta property=\"og:image\" content=\"https:\/\/notejido.com\/wp-content\/uploads\/2019\/11\/malla-reutilizable.jpg\" \/>\n\t<meta property=\"og:image:width\" content=\"992\" \/>\n\t<meta property=\"og:image:height\" content=\"780\" \/>\n\t<meta property=\"og:image:type\" content=\"image\/jpeg\" \/>\n<meta name=\"author\" content=\"spaez@trevenque.es\" \/>\n<meta name=\"twitter:card\" content=\"summary_large_image\" \/>\n<meta name=\"twitter:label1\" content=\"Escrito por\" \/>\n\t<meta name=\"twitter:data1\" content=\"spaez@trevenque.es\" \/>\n\t<meta name=\"twitter:label2\" content=\"Tempo estimado de leitura\" \/>\n\t<meta name=\"twitter:data2\" content=\"2 minutos\" \/>\n<script type=\"application\/ld+json\" class=\"yoast-schema-graph\">{\"@context\":\"https:\\\/\\\/schema.org\",\"@graph\":[{\"@type\":\"Article\",\"@id\":\"https:\\\/\\\/notejido.com\\\/pt-pt\\\/bolsas-de-malla-reutilizables-la-alternativa-mas-eco-para-frutas-y-verduras-a-granel\\\/#article\",\"isPartOf\":{\"@id\":\"https:\\\/\\\/notejido.com\\\/pt-pt\\\/bolsas-de-malla-reutilizables-la-alternativa-mas-eco-para-frutas-y-verduras-a-granel\\\/\"},\"author\":{\"name\":\"spaez@trevenque.es\",\"@id\":\"https:\\\/\\\/notejido.com\\\/pt-pt\\\/#\\\/schema\\\/person\\\/33b2a4f2a7203e2f1a5c8a3d0c54acdb\"},\"headline\":\"Sacos de malha reutiliz\u00e1veis: a alternativa mais \u201ceco\u201d para frutos a granel e vegetais\",\"datePublished\":\"2019-11-04T16:47:30+00:00\",\"dateModified\":\"2019-11-26T12:53:34+00:00\",\"mainEntityOfPage\":{\"@id\":\"https:\\\/\\\/notejido.com\\\/pt-pt\\\/bolsas-de-malla-reutilizables-la-alternativa-mas-eco-para-frutas-y-verduras-a-granel\\\/\"},\"wordCount\":388,\"image\":{\"@id\":\"https:\\\/\\\/notejido.com\\\/pt-pt\\\/bolsas-de-malla-reutilizables-la-alternativa-mas-eco-para-frutas-y-verduras-a-granel\\\/#primaryimage\"},\"thumbnailUrl\":\"https:\\\/\\\/notejido.com\\\/wp-content\\\/uploads\\\/2019\\\/11\\\/malla-reutilizable.jpg\",\"articleSection\":[\"Outras embalagens promocionais\"],\"inLanguage\":\"pt-PT\"},{\"@type\":\"WebPage\",\"@id\":\"https:\\\/\\\/notejido.com\\\/pt-pt\\\/bolsas-de-malla-reutilizables-la-alternativa-mas-eco-para-frutas-y-verduras-a-granel\\\/\",\"url\":\"https:\\\/\\\/notejido.com\\\/pt-pt\\\/bolsas-de-malla-reutilizables-la-alternativa-mas-eco-para-frutas-y-verduras-a-granel\\\/\",\"name\":\"Sacos de malha reutiliz\u00e1veis: a alternativa mais \u201ceco\u201d para frutos a granel e vegetais - Disenos NT\",\"isPartOf\":{\"@id\":\"https:\\\/\\\/notejido.com\\\/pt-pt\\\/#website\"},\"primaryImageOfPage\":{\"@id\":\"https:\\\/\\\/notejido.com\\\/pt-pt\\\/bolsas-de-malla-reutilizables-la-alternativa-mas-eco-para-frutas-y-verduras-a-granel\\\/#primaryimage\"},\"image\":{\"@id\":\"https:\\\/\\\/notejido.com\\\/pt-pt\\\/bolsas-de-malla-reutilizables-la-alternativa-mas-eco-para-frutas-y-verduras-a-granel\\\/#primaryimage\"},\"thumbnailUrl\":\"https:\\\/\\\/notejido.com\\\/wp-content\\\/uploads\\\/2019\\\/11\\\/malla-reutilizable.jpg\",\"datePublished\":\"2019-11-04T16:47:30+00:00\",\"dateModified\":\"2019-11-26T12:53:34+00:00\",\"author\":{\"@id\":\"https:\\\/\\\/notejido.com\\\/pt-pt\\\/#\\\/schema\\\/person\\\/33b2a4f2a7203e2f1a5c8a3d0c54acdb\"},\"breadcrumb\":{\"@id\":\"https:\\\/\\\/notejido.com\\\/pt-pt\\\/bolsas-de-malla-reutilizables-la-alternativa-mas-eco-para-frutas-y-verduras-a-granel\\\/#breadcrumb\"},\"inLanguage\":\"pt-PT\",\"potentialAction\":[{\"@type\":\"ReadAction\",\"target\":[\"https:\\\/\\\/notejido.com\\\/pt-pt\\\/bolsas-de-malla-reutilizables-la-alternativa-mas-eco-para-frutas-y-verduras-a-granel\\\/\"]}]},{\"@type\":\"ImageObject\",\"inLanguage\":\"pt-PT\",\"@id\":\"https:\\\/\\\/notejido.com\\\/pt-pt\\\/bolsas-de-malla-reutilizables-la-alternativa-mas-eco-para-frutas-y-verduras-a-granel\\\/#primaryimage\",\"url\":\"https:\\\/\\\/notejido.com\\\/wp-content\\\/uploads\\\/2019\\\/11\\\/malla-reutilizable.jpg\",\"contentUrl\":\"https:\\\/\\\/notejido.com\\\/wp-content\\\/uploads\\\/2019\\\/11\\\/malla-reutilizable.jpg\",\"width\":992,\"height\":780},{\"@type\":\"BreadcrumbList\",\"@id\":\"https:\\\/\\\/notejido.com\\\/pt-pt\\\/bolsas-de-malla-reutilizables-la-alternativa-mas-eco-para-frutas-y-verduras-a-granel\\\/#breadcrumb\",\"itemListElement\":[{\"@type\":\"ListItem\",\"position\":1,\"name\":\"Portada\",\"item\":\"https:\\\/\\\/notejido.com\\\/pt-pt\\\/\"},{\"@type\":\"ListItem\",\"position\":2,\"name\":\"Sacos de malha reutiliz\u00e1veis: a alternativa mais \u201ceco\u201d para frutos a granel e vegetais\"}]},{\"@type\":\"WebSite\",\"@id\":\"https:\\\/\\\/notejido.com\\\/pt-pt\\\/#website\",\"url\":\"https:\\\/\\\/notejido.com\\\/pt-pt\\\/\",\"name\":\"Disenos NT\",\"description\":\"Bolsas reutilizables, art\u00edculos higi\u00e9nicos-sanitarios, manteles desechables  y otro packaging promocional en material flexible\",\"potentialAction\":[{\"@type\":\"SearchAction\",\"target\":{\"@type\":\"EntryPoint\",\"urlTemplate\":\"https:\\\/\\\/notejido.com\\\/pt-pt\\\/?s={search_term_string}\"},\"query-input\":{\"@type\":\"PropertyValueSpecification\",\"valueRequired\":true,\"valueName\":\"search_term_string\"}}],\"inLanguage\":\"pt-PT\"},{\"@type\":\"Person\",\"@id\":\"https:\\\/\\\/notejido.com\\\/pt-pt\\\/#\\\/schema\\\/person\\\/33b2a4f2a7203e2f1a5c8a3d0c54acdb\",\"name\":\"spaez@trevenque.es\",\"image\":{\"@type\":\"ImageObject\",\"inLanguage\":\"pt-PT\",\"@id\":\"https:\\\/\\\/secure.gravatar.com\\\/avatar\\\/b0e74c62b67edd97d631a8e8a1ebebccd370e1c4314c674d6c53f338f0dcf084?s=96&d=mm&r=g\",\"url\":\"https:\\\/\\\/secure.gravatar.com\\\/avatar\\\/b0e74c62b67edd97d631a8e8a1ebebccd370e1c4314c674d6c53f338f0dcf084?s=96&d=mm&r=g\",\"contentUrl\":\"https:\\\/\\\/secure.gravatar.com\\\/avatar\\\/b0e74c62b67edd97d631a8e8a1ebebccd370e1c4314c674d6c53f338f0dcf084?s=96&d=mm&r=g\",\"caption\":\"spaez@trevenque.es\"},\"url\":\"https:\\\/\\\/notejido.com\\\/pt-pt\\\/author\\\/spaeztrevenque-es\\\/\"}]}<\/script>\n<!-- \/ Yoast SEO plugin. -->","yoast_head_json":{"title":"Sacos de malha reutiliz\u00e1veis: a alternativa mais \u201ceco\u201d para frutos a granel e vegetais - Disenos NT","robots":{"index":"index","follow":"follow","max-snippet":"max-snippet:-1","max-image-preview":"max-image-preview:large","max-video-preview":"max-video-preview:-1"},"canonical":"https:\/\/notejido.com\/pt-pt\/bolsas-de-malla-reutilizables-la-alternativa-mas-eco-para-frutas-y-verduras-a-granel\/","og_locale":"pt_PT","og_type":"article","og_title":"Sacos de malha reutiliz\u00e1veis: a alternativa mais \u201ceco\u201d para frutos a granel e vegetais - Disenos NT","og_description":"Os regulamentos europeussobre recipientes de pl\u00e1stico vendidos na Uni\u00e3o Europeia estabelecem que 65%das embalagens s\u00e3o recicl\u00e1veis em 2025 e que [&hellip;]","og_url":"https:\/\/notejido.com\/pt-pt\/bolsas-de-malla-reutilizables-la-alternativa-mas-eco-para-frutas-y-verduras-a-granel\/","og_site_name":"Disenos NT","article_published_time":"2019-11-04T16:47:30+00:00","article_modified_time":"2019-11-26T12:53:34+00:00","og_image":[{"width":992,"height":780,"url":"https:\/\/notejido.com\/wp-content\/uploads\/2019\/11\/malla-reutilizable.jpg","type":"image\/jpeg"}],"author":"spaez@trevenque.es","twitter_card":"summary_large_image","twitter_misc":{"Escrito por":"spaez@trevenque.es","Tempo estimado de leitura":"2 minutos"},"schema":{"@context":"https:\/\/schema.org","@graph":[{"@type":"Article","@id":"https:\/\/notejido.com\/pt-pt\/bolsas-de-malla-reutilizables-la-alternativa-mas-eco-para-frutas-y-verduras-a-granel\/#article","isPartOf":{"@id":"https:\/\/notejido.com\/pt-pt\/bolsas-de-malla-reutilizables-la-alternativa-mas-eco-para-frutas-y-verduras-a-granel\/"},"author":{"name":"spaez@trevenque.es","@id":"https:\/\/notejido.com\/pt-pt\/#\/schema\/person\/33b2a4f2a7203e2f1a5c8a3d0c54acdb"},"headline":"Sacos de malha reutiliz\u00e1veis: a alternativa mais \u201ceco\u201d para frutos a granel e vegetais","datePublished":"2019-11-04T16:47:30+00:00","dateModified":"2019-11-26T12:53:34+00:00","mainEntityOfPage":{"@id":"https:\/\/notejido.com\/pt-pt\/bolsas-de-malla-reutilizables-la-alternativa-mas-eco-para-frutas-y-verduras-a-granel\/"},"wordCount":388,"image":{"@id":"https:\/\/notejido.com\/pt-pt\/bolsas-de-malla-reutilizables-la-alternativa-mas-eco-para-frutas-y-verduras-a-granel\/#primaryimage"},"thumbnailUrl":"https:\/\/notejido.com\/wp-content\/uploads\/2019\/11\/malla-reutilizable.jpg","articleSection":["Outras embalagens promocionais"],"inLanguage":"pt-PT"},{"@type":"WebPage","@id":"https:\/\/notejido.com\/pt-pt\/bolsas-de-malla-reutilizables-la-alternativa-mas-eco-para-frutas-y-verduras-a-granel\/","url":"https:\/\/notejido.com\/pt-pt\/bolsas-de-malla-reutilizables-la-alternativa-mas-eco-para-frutas-y-verduras-a-granel\/","name":"Sacos de malha reutiliz\u00e1veis: a alternativa mais \u201ceco\u201d para frutos a granel e vegetais - Disenos NT","isPartOf":{"@id":"https:\/\/notejido.com\/pt-pt\/#website"},"primaryImageOfPage":{"@id":"https:\/\/notejido.com\/pt-pt\/bolsas-de-malla-reutilizables-la-alternativa-mas-eco-para-frutas-y-verduras-a-granel\/#primaryimage"},"image":{"@id":"https:\/\/notejido.com\/pt-pt\/bolsas-de-malla-reutilizables-la-alternativa-mas-eco-para-frutas-y-verduras-a-granel\/#primaryimage"},"thumbnailUrl":"https:\/\/notejido.com\/wp-content\/uploads\/2019\/11\/malla-reutilizable.jpg","datePublished":"2019-11-04T16:47:30+00:00","dateModified":"2019-11-26T12:53:34+00:00","author":{"@id":"https:\/\/notejido.com\/pt-pt\/#\/schema\/person\/33b2a4f2a7203e2f1a5c8a3d0c54acdb"},"breadcrumb":{"@id":"https:\/\/notejido.com\/pt-pt\/bolsas-de-malla-reutilizables-la-alternativa-mas-eco-para-frutas-y-verduras-a-granel\/#breadcrumb"},"inLanguage":"pt-PT","potentialAction":[{"@type":"ReadAction","target":["https:\/\/notejido.com\/pt-pt\/bolsas-de-malla-reutilizables-la-alternativa-mas-eco-para-frutas-y-verduras-a-granel\/"]}]},{"@type":"ImageObject","inLanguage":"pt-PT","@id":"https:\/\/notejido.com\/pt-pt\/bolsas-de-malla-reutilizables-la-alternativa-mas-eco-para-frutas-y-verduras-a-granel\/#primaryimage","url":"https:\/\/notejido.com\/wp-content\/uploads\/2019\/11\/malla-reutilizable.jpg","contentUrl":"https:\/\/notejido.com\/wp-content\/uploads\/2019\/11\/malla-reutilizable.jpg","width":992,"height":780},{"@type":"BreadcrumbList","@id":"https:\/\/notejido.com\/pt-pt\/bolsas-de-malla-reutilizables-la-alternativa-mas-eco-para-frutas-y-verduras-a-granel\/#breadcrumb","itemListElement":[{"@type":"ListItem","position":1,"name":"Portada","item":"https:\/\/notejido.com\/pt-pt\/"},{"@type":"ListItem","position":2,"name":"Sacos de malha reutiliz\u00e1veis: a alternativa mais \u201ceco\u201d para frutos a granel e vegetais"}]},{"@type":"WebSite","@id":"https:\/\/notejido.com\/pt-pt\/#website","url":"https:\/\/notejido.com\/pt-pt\/","name":"Disenos NT","description":"Bolsas reutilizables, art\u00edculos higi\u00e9nicos-sanitarios, manteles desechables  y otro packaging promocional en material flexible","potentialAction":[{"@type":"SearchAction","target":{"@type":"EntryPoint","urlTemplate":"https:\/\/notejido.com\/pt-pt\/?s={search_term_string}"},"query-input":{"@type":"PropertyValueSpecification","valueRequired":true,"valueName":"search_term_string"}}],"inLanguage":"pt-PT"},{"@type":"Person","@id":"https:\/\/notejido.com\/pt-pt\/#\/schema\/person\/33b2a4f2a7203e2f1a5c8a3d0c54acdb","name":"spaez@trevenque.es","image":{"@type":"ImageObject","inLanguage":"pt-PT","@id":"https:\/\/secure.gravatar.com\/avatar\/b0e74c62b67edd97d631a8e8a1ebebccd370e1c4314c674d6c53f338f0dcf084?s=96&d=mm&r=g","url":"https:\/\/secure.gravatar.com\/avatar\/b0e74c62b67edd97d631a8e8a1ebebccd370e1c4314c674d6c53f338f0dcf084?s=96&d=mm&r=g","contentUrl":"https:\/\/secure.gravatar.com\/avatar\/b0e74c62b67edd97d631a8e8a1ebebccd370e1c4314c674d6c53f338f0dcf084?s=96&d=mm&r=g","caption":"spaez@trevenque.es"},"url":"https:\/\/notejido.com\/pt-pt\/author\/spaeztrevenque-es\/"}]}},"_links":{"self":[{"href":"https:\/\/notejido.com\/pt-pt\/wp-json\/wp\/v2\/posts\/3887","targetHints":{"allow":["GET"]}}],"collection":[{"href":"https:\/\/notejido.com\/pt-pt\/wp-json\/wp\/v2\/posts"}],"about":[{"href":"https:\/\/notejido.com\/pt-pt\/wp-json\/wp\/v2\/types\/post"}],"author":[{"embeddable":true,"href":"https:\/\/notejido.com\/pt-pt\/wp-json\/wp\/v2\/users\/2"}],"replies":[{"embeddable":true,"href":"https:\/\/notejido.com\/pt-pt\/wp-json\/wp\/v2\/comments?post=3887"}],"version-history":[{"count":2,"href":"https:\/\/notejido.com\/pt-pt\/wp-json\/wp\/v2\/posts\/3887\/revisions"}],"predecessor-version":[{"id":3897,"href":"https:\/\/notejido.com\/pt-pt\/wp-json\/wp\/v2\/posts\/3887\/revisions\/3897"}],"wp:featuredmedia":[{"embeddable":true,"href":"https:\/\/notejido.com\/pt-pt\/wp-json\/wp\/v2\/media\/3889"}],"wp:attachment":[{"href":"https:\/\/notejido.com\/pt-pt\/wp-json\/wp\/v2\/media?parent=3887"}],"wp:term":[{"taxonomy":"category","embeddable":true,"href":"https:\/\/notejido.com\/pt-pt\/wp-json\/wp\/v2\/categories?post=3887"},{"taxonomy":"post_tag","embeddable":true,"href":"https:\/\/notejido.com\/pt-pt\/wp-json\/wp\/v2\/tags?post=3887"}],"curies":[{"name":"wp","href":"https:\/\/api.w.org\/{rel}","templated":true}]}}